{"id":17286,"date":"2020-07-20T14:03:18","date_gmt":"2020-07-20T13:03:18","guid":{"rendered":"https:\/\/www.ordineavvocatipescara.it\/?p=17286"},"modified":"2020-07-20T14:03:18","modified_gmt":"2020-07-20T13:03:18","slug":"informativa-91-20-chiusura-estiva-ordine-e-odm-protocollo-ud-penali-avviso-asl-pe-riapertura-termini","status":"publish","type":"post","link":"https:\/\/www.ordineavvocatipescara.it\/index.php\/2020\/07\/20\/informativa-91-20-chiusura-estiva-ordine-e-odm-protocollo-ud-penali-avviso-asl-pe-riapertura-termini\/","title":{"rendered":"Informativa 91\/20 (CHIUSURA ESTIVA ORDINE E ODM &#8211; PROTOCOLLO UD. PENALI &#8211; AVVISO ASL PE RIAPERTURA TERMINI)"},"content":{"rendered":"<p><strong>\u00a0<\/strong><\/p>\n<p><strong><span style=\"color: #000080;\">Lettera informativa n. 91\/20 del 20.07.2020<\/span><\/strong><\/p>\n<p><strong>\u00a0<\/strong><\/p>\n<p><strong><span style=\"color: #ff0000;\">1.CHIUSURA ESTIVA UFFICI ORDINE<\/span> <\/strong><\/p>\n<p style=\"text-align: justify;\"><span style=\"color: #000080;\">Si informano gli iscritti che gli uffici di Segreteria dell\u2019Ordine resteranno <strong><span style=\"color: #0000ff;\">chiusi dal 10 al 28 agosto 2020.<\/span><\/strong><\/span><\/p>\n<p style=\"text-align: justify;\"><strong><span style=\"color: #0000ff;\">Gli uffici riapriranno al pubblico luned\u00ec 31 agosto 2020.<\/span><\/strong><\/p>\n<p style=\"text-align: justify;\"><strong><span style=\"color: #000080;\">DEPOSITO TELEMATICO ISTANZE PSS: <\/span><\/strong><span style=\"color: #000080;\">Ai fini della presentazione delle istanze di ammissione al Patrocinio a Spese dello Stato, si segnala che l\u2019ultima seduta COA, prima della chiusura estiva, \u00e8 fissata per marted\u00ec 4 agosto; pertanto, il termine utile per il deposito \u00e8 <strong><span style=\"color: #0000ff;\">sino a venerd\u00ec 31 luglio 2020 ore 12.30<\/span><\/strong>.<\/span><\/p>\n<p>&nbsp;<\/p>\n<p><strong><span style=\"color: #ff0000;\">2.CHIUSURA ESTIVA ODM<\/span><\/strong><\/p>\n<p><span style=\"color: #000080;\">Gli uffici di Segreteria della Camera di Conciliazione Forense resteranno chiusi <strong><span style=\"color: #0000ff;\">dal 10 al 14 agosto 2020.<\/span><\/strong><\/span><\/p>\n<p><strong>\u00a0<\/strong><\/p>\n<p><strong><span style=\"color: #ff0000;\">3.OSSERVATORIO GIUSTIZIA TRIBUNALE PE \u2013 PROTOCOLLO UDIENZE PENALI<\/span><\/strong><\/p>\n<p><span style=\"color: #000080;\">Si trasmette in allegato il <em>Protocollo per le udienze penali<\/em> approvato dall\u2019Assemblea dell\u2019Osservatorio sulla Giustizia del Tribunale di Pescara e sottoscritto in data 07 luglio 2020.<\/span>\u00a0 <a href=\"https:\/\/www.ordineavvocatipescara.it\/wp-content\/uploads\/2020\/07\/PROTOCOLLO_UDIENZE_PENALI_7-7-2020.pdf\">CLICCA QUI<\/a><\/p>\n<p><strong><span style=\"color: #0000ff;\">In vigore dal 1\u00b0 settembre 2020.<\/span><\/strong><\/p>\n<p>&nbsp;<\/p>\n<p><strong><span style=\"color: #ff0000;\">4.ASL PESCARA \u2013RIAPERTURA TERMINI AVVISO ALBO AVVOCATI<\/span><\/strong><\/p>\n<p style=\"text-align: justify;\"><span style=\"color: #000080;\">Si informano gli iscritti che la ASL di Pescara ha disposto la riapertura dei termini per la presentazione delle domande volte all\u2019inserimento nell\u2019albo interno di avvocati per l\u2018affidamento di incarichi professionali di cui all\u2019Avviso Pubblico indetto con deliberazione D.G. n. 267\/2019. (<em>v. lett. info 15.3.19 n. 48<\/em>)<\/span><\/p>\n<p style=\"text-align: justify;\"><span style=\"color: #000080;\">La deliberazione di riapertura, il bando ed i relativi allegati sono reperibili sul sito web istituzionale dell\u2019ente al seguente link:<em> <a style=\"color: #000080;\" href=\"https:\/\/www.ausl.pe.it\/DettaglioStruttura.jsp?id=167&amp;idSezione=12\">https:\/\/www.ausl.pe.it\/DettaglioStruttura.jsp?id=167&amp;idSezione=12<\/a><\/em><\/span><\/p>\n<p style=\"text-align: justify;\"><span style=\"color: #000080;\">Si segnala al riguardo che il COA, nella seduta del 16.07.2020, di seguito a quanto gi\u00e0 deliberato in occasione della precedente pubblicazione dell\u2019Avviso (<a href=\"https:\/\/www.ordineavvocatipescara.it\/wp-content\/uploads\/2020\/07\/delibera-ASL-14.3.19.pdf\">clicca qui<\/a>), ha reiterato l\u2019invito a tener conto della normativa e dei principi che impongono un equo compenso per le prestazioni legali. <a href=\"https:\/\/www.ordineavvocatipescara.it\/wp-content\/uploads\/2020\/07\/estratto-verbale-16.7.20-avviso-ASL.pdf\">CLICCA QUI<\/a><br \/>\n<\/span><\/p>\n<p style=\"text-align: justify;\"><span style=\"color: #000080;\"><strong><span style=\"color: #0000ff;\">Scadenza:<\/span> <\/strong>entro il 30\u00b0 giorno successivo alla pubblicazione sull\u2019Albo Pretorio della ASL di Pescara <span style=\"color: #0000ff;\">(<em>pubblicato in data 02.07.2020)<\/em><\/span><\/span><\/p>\n<p>&nbsp;<\/p>\n<p>&nbsp;<\/p>\n","protected":false},"excerpt":{"rendered":"<p>\u00a0 Lettera informativa n. 91\/20 del 20.07.2020 \u00a0 1.CHIUSURA ESTIVA UFFICI ORDINE Si informano gli iscritti che gli uffici di Segreteria dell\u2019Ordine resteranno chiusi dal 10 al 28 agosto 2020. Gli uffici riapriranno al pubblico luned\u00ec 31 agosto 2020. DEPOSITO TELEMATICO ISTANZE PSS: Ai fini della presentazione delle istanze di ammissione al Patrocinio a Spese [&hellip;]<\/p>\n","protected":false},"author":3,"featured_media":0,"comment_status":"closed","ping_status":"closed","sticky":false,"template":"","format":"standard","meta":[],"categories":[7],"tags":[],"_links":{"self":[{"href":"https:\/\/www.ordineavvocatipescara.it\/index.php\/wp-json\/wp\/v2\/posts\/17286"}],"collection":[{"href":"https:\/\/www.ordineavvocatipescara.it\/index.php\/wp-json\/wp\/v2\/posts"}],"about":[{"href":"https:\/\/www.ordineavvocatipescara.it\/index.php\/wp-json\/wp\/v2\/types\/post"}],"author":[{"embeddable":true,"href":"https:\/\/www.ordineavvocatipescara.it\/index.php\/wp-json\/wp\/v2\/users\/3"}],"replies":[{"embeddable":true,"href":"https:\/\/www.ordineavvocatipescara.it\/index.php\/wp-json\/wp\/v2\/comments?post=17286"}],"version-history":[{"count":4,"href":"https:\/\/www.ordineavvocatipescara.it\/index.php\/wp-json\/wp\/v2\/posts\/17286\/revisions"}],"predecessor-version":[{"id":17293,"href":"https:\/\/www.ordineavvocatipescara.it\/index.php\/wp-json\/wp\/v2\/posts\/17286\/revisions\/17293"}],"wp:attachment":[{"href":"https:\/\/www.ordineavvocatipescara.it\/index.php\/wp-json\/wp\/v2\/media?parent=17286"}],"wp:term":[{"taxonomy":"category","embeddable":true,"href":"https:\/\/www.ordineavvocatipescara.it\/index.php\/wp-json\/wp\/v2\/categories?post=17286"},{"taxonomy":"post_tag","embeddable":true,"href":"https:\/\/www.ordineavvocatipescara.it\/index.php\/wp-json\/wp\/v2\/tags?post=17286"}],"curies":[{"name":"wp","href":"https:\/\/api.w.org\/{rel}","templated":true}]}}